{"id":70,"date":"2013-05-12T23:18:46","date_gmt":"2013-05-12T21:18:46","guid":{"rendered":"http:\/\/helmfoto.net\/?p=70"},"modified":"2013-05-22T01:04:50","modified_gmt":"2013-05-21T23:04:50","slug":"spektrum","status":"publish","type":"post","link":"https:\/\/helmfoto.net\/?p=70","title":{"rendered":"Spektrum"},"content":{"rendered":"<p>Diese Gallerie zeigt eine \u00dcbersicht der Themengebiete meiner Arbeit.<\/p>\n<p>Mode- , Konzert-\u00a0 und Pressefotografien z\u00e4hlen zu den Schwerpunkten meiner Arbeit.<\/p>\n<p>Daher ist der Umgang mit Menschen um so wichtiger. Denn sie erf\u00fcllen das Bild mit Leben. Jedes einzelne Bild spricht f\u00fcr sich und erz\u00e4hlt die Geschichte seiner Person.<\/p>\n\n\t\t<style type=\"text\/css\">\n\t\t\t#gallery-1 {\n\t\t\t\tmargin: auto;\n\t\t\t}\n\t\t\t#gallery-1 .gallery-item {\n\t\t\t\tfloat: left;\n\t\t\t\tmargin-top: 10px;\n\t\t\t\ttext-align: center;\n\t\t\t\twidth: 33%;\n\t\t\t}\n\t\t\t#gallery-1 img {\n\t\t\t\tborder: 2px solid #cfcfcf;\n\t\t\t}\n\t\t\t#gallery-1 .gallery-caption {\n\t\t\t\tmargin-left: 0;\n\t\t\t}\n\t\t\t\/* see gallery_shortcode() in wp-includes\/media.php *\/\n\t\t<\/style>\n\t\t<div id='gallery-1' class='gallery galleryid-70 gallery-columns-3 gallery-size-thumbnail'><dl class='gallery-item'>\n\t\t\t<dt class='gallery-icon landscape'>\n\t\t\t\t<a href='https:\/\/helmfoto.net\/wp-content\/uploads\/2013\/05\/gsjhhdkh05.jpg'><img width=\"150\" height=\"150\" src=\"https:\/\/helmfoto.net\/wp-content\/uploads\/2013\/05\/gsjhhdkh05-150x150.jpg\" class=\"attachment-thumbnail size-thumbnail\" alt=\"\" loading=\"lazy\" aria-describedby=\"gallery-1-90\" \/><\/a>\n\t\t\t<\/dt>\n\t\t\t\t<dd class='wp-caption-text gallery-caption' id='gallery-1-90'>\n\t\t\t\tJubil\u00e4um\n\t\t\t\t<\/dd><\/dl><dl class='gallery-item'>\n\t\t\t<dt class='gallery-icon landscape'>\n\t\t\t\t<a href='https:\/\/helmfoto.net\/wp-content\/uploads\/2013\/05\/jhh_wasmerpalais17-Kopie.jpg'><img width=\"150\" height=\"150\" src=\"https:\/\/helmfoto.net\/wp-content\/uploads\/2013\/05\/jhh_wasmerpalais17-Kopie-150x150.jpg\" class=\"attachment-thumbnail size-thumbnail\" alt=\"\" loading=\"lazy\" aria-describedby=\"gallery-1-95\" \/><\/a>\n\t\t\t<\/dt>\n\t\t\t\t<dd class='wp-caption-text gallery-caption' id='gallery-1-95'>\n\t\t\t\tim Herrenhaus\n\t\t\t\t<\/dd><\/dl><dl class='gallery-item'>\n\t\t\t<dt class='gallery-icon landscape'>\n\t\t\t\t<a href='https:\/\/helmfoto.net\/wp-content\/uploads\/2013\/05\/jhh_pfila2011_05.jpg'><img width=\"150\" height=\"150\" src=\"https:\/\/helmfoto.net\/wp-content\/uploads\/2013\/05\/jhh_pfila2011_05-150x150.jpg\" class=\"attachment-thumbnail size-thumbnail\" alt=\"\" loading=\"lazy\" \/><\/a>\n\t\t\t<\/dt><\/dl><br style=\"clear: both\" \/><dl class='gallery-item'>\n\t\t\t<dt class='gallery-icon portrait'>\n\t\t\t\t<a href='https:\/\/helmfoto.net\/wp-content\/uploads\/2013\/05\/alexband_2.jpg'><img width=\"150\" height=\"150\" src=\"https:\/\/helmfoto.net\/wp-content\/uploads\/2013\/05\/alexband_2-150x150.jpg\" class=\"attachment-thumbnail size-thumbnail\" alt=\"\" loading=\"lazy\" aria-describedby=\"gallery-1-35\" \/><\/a>\n\t\t\t<\/dt>\n\t\t\t\t<dd class='wp-caption-text gallery-caption' id='gallery-1-35'>\n\t\t\t\tBand\n\t\t\t\t<\/dd><\/dl><dl class='gallery-item'>\n\t\t\t<dt class='gallery-icon portrait'>\n\t\t\t\t<a href='https:\/\/helmfoto.net\/wp-content\/uploads\/2013\/05\/jhh_pfila2011_73.jpg'><img width=\"150\" height=\"150\" src=\"https:\/\/helmfoto.net\/wp-content\/uploads\/2013\/05\/jhh_pfila2011_73-150x150.jpg\" class=\"attachment-thumbnail size-thumbnail\" alt=\"\" loading=\"lazy\" aria-describedby=\"gallery-1-92\" \/><\/a>\n\t\t\t<\/dt>\n\t\t\t\t<dd class='wp-caption-text gallery-caption' id='gallery-1-92'>\n\t\t\t\tHobbit\n\t\t\t\t<\/dd><\/dl><dl class='gallery-item'>\n\t\t\t<dt class='gallery-icon portrait'>\n\t\t\t\t<a href='https:\/\/helmfoto.net\/wp-content\/uploads\/2013\/05\/jhh_wasmerpalais12.jpg'><img width=\"150\" height=\"150\" src=\"https:\/\/helmfoto.net\/wp-content\/uploads\/2013\/05\/jhh_wasmerpalais12-150x150.jpg\" class=\"attachment-thumbnail size-thumbnail\" alt=\"\" loading=\"lazy\" aria-describedby=\"gallery-1-94\" \/><\/a>\n\t\t\t<\/dt>\n\t\t\t\t<dd class='wp-caption-text gallery-caption' id='gallery-1-94'>\n\t\t\t\tModel Funky\n\t\t\t\t<\/dd><\/dl><br style=\"clear: both\" \/><dl class='gallery-item'>\n\t\t\t<dt class='gallery-icon landscape'>\n\t\t\t\t<a href='https:\/\/helmfoto.net\/wp-content\/uploads\/2013\/05\/jhh_fortunale33.jpg'><img width=\"150\" height=\"150\" src=\"https:\/\/helmfoto.net\/wp-content\/uploads\/2013\/05\/jhh_fortunale33-150x150.jpg\" class=\"attachment-thumbnail size-thumbnail\" alt=\"\" loading=\"lazy\" aria-describedby=\"gallery-1-91\" \/><\/a>\n\t\t\t<\/dt>\n\t\t\t\t<dd class='wp-caption-text gallery-caption' id='gallery-1-91'>\n\t\t\t\tSpektakulum\n\t\t\t\t<\/dd><\/dl><dl class='gallery-item'>\n\t\t\t<dt class='gallery-icon portrait'>\n\t\t\t\t<a href='https:\/\/helmfoto.net\/wp-content\/uploads\/2013\/05\/jhh_wasmerpalais21-Kopie.jpg'><img width=\"150\" height=\"150\" src=\"https:\/\/helmfoto.net\/wp-content\/uploads\/2013\/05\/jhh_wasmerpalais21-Kopie-150x150.jpg\" class=\"attachment-thumbnail size-thumbnail\" alt=\"\" loading=\"lazy\" aria-describedby=\"gallery-1-96\" \/><\/a>\n\t\t\t<\/dt>\n\t\t\t\t<dd class='wp-caption-text gallery-caption' id='gallery-1-96'>\n\t\t\t\tred dress\n\t\t\t\t<\/dd><\/dl><dl class='gallery-item'>\n\t\t\t<dt class='gallery-icon landscape'>\n\t\t\t\t<a href='https:\/\/helmfoto.net\/wp-content\/uploads\/2013\/05\/gsjhhandacht_04.jpg'><img width=\"150\" height=\"150\" src=\"https:\/\/helmfoto.net\/wp-content\/uploads\/2013\/05\/gsjhhandacht_04-150x150.jpg\" class=\"attachment-thumbnail size-thumbnail\" alt=\"\" loading=\"lazy\" aria-describedby=\"gallery-1-89\" \/><\/a>\n\t\t\t<\/dt>\n\t\t\t\t<dd class='wp-caption-text gallery-caption' id='gallery-1-89'>\n\t\t\t\tKondulenzeintrag\n\t\t\t\t<\/dd><\/dl><br style=\"clear: both\" \/><dl class='gallery-item'>\n\t\t\t<dt class='gallery-icon landscape'>\n\t\t\t\t<a href='https:\/\/helmfoto.net\/wp-content\/uploads\/2013\/05\/AZ-Mode.jpg'><img width=\"150\" height=\"150\" src=\"https:\/\/helmfoto.net\/wp-content\/uploads\/2013\/05\/AZ-Mode-150x150.jpg\" class=\"attachment-thumbnail size-thumbnail\" alt=\"\" loading=\"lazy\" aria-describedby=\"gallery-1-93\" \/><\/a>\n\t\t\t<\/dt>\n\t\t\t\t<dd class='wp-caption-text gallery-caption' id='gallery-1-93'>\n\t\t\t\tAZ Mode\n\t\t\t\t<\/dd><\/dl><dl class='gallery-item'>\n\t\t\t<dt class='gallery-icon portrait'>\n\t\t\t\t<a href='https:\/\/helmfoto.net\/wp-content\/uploads\/2013\/05\/portrait.jpg'><img width=\"150\" height=\"150\" src=\"https:\/\/helmfoto.net\/wp-content\/uploads\/2013\/05\/portrait-150x150.jpg\" class=\"attachment-thumbnail size-thumbnail\" alt=\"\" loading=\"lazy\" aria-describedby=\"gallery-1-88\" \/><\/a>\n\t\t\t<\/dt>\n\t\t\t\t<dd class='wp-caption-text gallery-caption' id='gallery-1-88'>\n\t\t\t\tPortrait\n\t\t\t\t<\/dd><\/dl>\n\t\t\t<br style='clear: both' \/>\n\t\t<\/div>\n\n","protected":false},"excerpt":{"rendered":"<p>Diese Gallerie zeigt eine \u00dcbersicht der Themengebiete meiner Arbeit. Mode- , Konzert-\u00a0 und Pressefotografien z\u00e4hlen zu den Schwerpunkten meiner Arbeit. Daher ist der Umgang mit Menschen um so wichtiger. Denn sie erf\u00fcllen das Bild mit Leben. Jedes einzelne Bild spricht f\u00fcr sich und erz\u00e4hlt die Geschichte seiner Person.<\/p>\n","protected":false},"author":1,"featured_media":94,"comment_status":"open","ping_status":"open","sticky":false,"template":"","format":"standard","meta":[],"categories":[6],"tags":[11],"_links":{"self":[{"href":"https:\/\/helmfoto.net\/index.php?rest_route=\/wp\/v2\/posts\/70"}],"collection":[{"href":"https:\/\/helmfoto.net\/index.php?rest_route=\/wp\/v2\/posts"}],"about":[{"href":"https:\/\/helmfoto.net\/index.php?rest_route=\/wp\/v2\/types\/post"}],"author":[{"embeddable":true,"href":"https:\/\/helmfoto.net\/index.php?rest_route=\/wp\/v2\/users\/1"}],"replies":[{"embeddable":true,"href":"https:\/\/helmfoto.net\/index.php?rest_route=%2Fwp%2Fv2%2Fcomments&post=70"}],"version-history":[{"count":16,"href":"https:\/\/helmfoto.net\/index.php?rest_route=\/wp\/v2\/posts\/70\/revisions"}],"predecessor-version":[{"id":106,"href":"https:\/\/helmfoto.net\/index.php?rest_route=\/wp\/v2\/posts\/70\/revisions\/106"}],"wp:featuredmedia":[{"embeddable":true,"href":"https:\/\/helmfoto.net\/index.php?rest_route=\/wp\/v2\/media\/94"}],"wp:attachment":[{"href":"https:\/\/helmfoto.net\/index.php?rest_route=%2Fwp%2Fv2%2Fmedia&parent=70"}],"wp:term":[{"taxonomy":"category","embeddable":true,"href":"https:\/\/helmfoto.net\/index.php?rest_route=%2Fwp%2Fv2%2Fcategories&post=70"},{"taxonomy":"post_tag","embeddable":true,"href":"https:\/\/helmfoto.net\/index.php?rest_route=%2Fwp%2Fv2%2Ftags&post=70"}],"curies":[{"name":"wp","href":"https:\/\/api.w.org\/{rel}","templated":true}]}}